{"id":3411,"date":"2025-03-20T16:17:00","date_gmt":"2025-03-20T16:17:00","guid":{"rendered":"https:\/\/alcaidesa.property\/2025\/03\/20\/faro-de-carbonera-ein-historischer-wandel-an-der-costa-del-sol\/"},"modified":"2025-03-20T16:18:21","modified_gmt":"2025-03-20T16:18:21","slug":"faro-de-carbonera-ein-historischer-wandel-an-der-costa-del-sol","status":"publish","type":"post","link":"https:\/\/alcaidesa.property\/de\/2025\/03\/20\/faro-de-carbonera-ein-historischer-wandel-an-der-costa-del-sol\/","title":{"rendered":"Faro de Carbonera: Ein historischer Wandel an der Costa del Sol"},"content":{"rendered":"\n<p class=\"wp-block-paragraph\">Gelegen zwischen <strong><a href=\"https:\/\/en.andalucia.org\/listing\/alcaidesa-beach\/18735101\/\" data-type=\"link\" data-id=\"https:\/\/en.andalucia.org\/listing\/alcaidesa-beach\/18735101\/\" target=\"_blank\" rel=\"noopener\">La Alcaidesa<\/a><\/strong> und <strong><a href=\"https:\/\/en.andalucia.org\/listing\/sotogrande\/19324101\/\" data-type=\"link\" data-id=\"https:\/\/en.andalucia.org\/listing\/sotogrande\/19324101\/\" target=\"_blank\" rel=\"noopener\">Sotogrande <\/a><\/strong>in San Roque gelegen, ist der Faro de Carbonera viel mehr als nur ein Leuchtturm &#8211; er ist ein lebendiges Zeugnis jahrhundertealter maritimer Geschichte und innovativer Restaurierung an der Costa del Sol.<\/p>\n\n<h4 class=\"wp-block-heading\"><strong>Ein Blick in die Geschichte<\/strong><\/h4>\n\n<p class=\"wp-block-paragraph\">Dieser kegelstumpff\u00f6rmige Steinturm wurde urspr\u00fcnglich 1588 als almenara (Wachturm) in Punta Mala errichtet und von K\u00f6nig Felipe II. in Auftrag gegeben. Mit seinem einzigen T\u00fcrfenster und dem gew\u00f6lbten Raum diente er einst als wachsamer Ausguck an der K\u00fcste. <\/p>\n\n<figure class=\"wp-block-image size-large\"><img loading=\"lazy\" decoding=\"async\" width=\"1024\" height=\"576\" src=\"https:\/\/alcaidesa.property\/wp-content\/uploads\/2025\/03\/3-1024x576.jpg\" alt=\"\" class=\"wp-image-3398\" srcset=\"https:\/\/alcaidesa.property\/wp-content\/uploads\/2025\/03\/3-980x551.jpg 980w, https:\/\/alcaidesa.property\/wp-content\/uploads\/2025\/03\/3-480x270.jpg 480w\" sizes=\"auto, (min-width: 0px) and (max-width: 480px) 480px, (min-width: 481px) and (max-width: 980px) 980px, (min-width: 981px) 1024px, 100vw\" \/><\/figure>\n\n<h4 class=\"wp-block-heading\"><strong>Vom Wachturm zum Leuchtturm<\/strong><\/h4>\n\n<p class=\"wp-block-paragraph\">Jahrzehnte sp\u00e4ter, als sich die maritime Signalisierung weiterentwickelte, wurde der Turm f\u00fcr den Umbau in einen modernen Leuchtturm ausgew\u00e4hlt. Im Jahr 1989 wurde das preisgekr\u00f6nte Projekt des <strong>Ingenieurs <a href=\"https:\/\/www.puertosdeandalucia.es\/la-agencia\/calidad-y-medio-ambiente\/arquitectura-y-patrimonio\/faro-de-carbonera\" data-type=\"link\" data-id=\"https:\/\/www.puertosdeandalucia.es\/la-agencia\/calidad-y-medio-ambiente\/arquitectura-y-patrimonio\/faro-de-carbonera\" target=\"_blank\" rel=\"noopener\">Carlos Prieto und des Architekten Enrique Mart\u00ednez Tercero <\/a><\/strong>mit einer modernen Wendeltreppe ausgestattet, die sich sorgf\u00e4ltig von der urspr\u00fcnglichen, mit sandfarbenem M\u00f6rtel verputzten Struktur abhebt. Heute verf\u00fcgt der Leuchtturm \u00fcber eine Laterne mit Trommeloptik und ein elektrisches Beleuchtungssystem. Die Fokusebene befindet sich 39 Meter \u00fcber dem Meeresspiegel und strahlt alle 4 Sekunden zwei wei\u00dfe Bedeckungen \u00fcber eine Reichweite von 14 Meilen ab.  <\/p>\n\n<h4 class=\"wp-block-heading\"><strong>Kulturelle Bedeutung und Konservierung<\/strong><\/h4>\n\n<p class=\"wp-block-paragraph\">Faro de Carbonera ist gesch\u00fctzt als <strong><a href=\"https:\/\/www.europasur.es\/vivir-el-sur\/faro-Torre-Carbonera-bunker-Guerra-Civil-Espanola-San-Roque_0_1800420927.html\" data-type=\"link\" data-id=\"https:\/\/www.europasur.es\/vivir-el-sur\/faro-Torre-Carbonera-bunker-Guerra-Civil-Espanola-San-Roque_0_1800420927.html\" target=\"_blank\" rel=\"noopener\">Bien de Inter\u00e9s Cultural<\/a><\/strong>gesch\u00fctzt, nach dem spanischen Denkmalschutzgesetz anerkannt und in den Generalkatalog des historischen Erbes Andalusiens aufgenommen. Durch seine Restaurierung wurde nicht nur ein St\u00fcck Geschichte aus dem 16. Jahrhundert bewahrt, sondern auch in das moderne maritime Signalsystem integriert, so dass sein Erbe weiterbesteht. <\/p>\n\n<figure class=\"wp-block-image size-large\"><img loading=\"lazy\" decoding=\"async\" width=\"1024\" height=\"576\" src=\"https:\/\/alcaidesa.property\/wp-content\/uploads\/2025\/03\/4-1024x576.jpg\" alt=\"\" class=\"wp-image-3401\" srcset=\"https:\/\/alcaidesa.property\/wp-content\/uploads\/2025\/03\/4-980x551.jpg 980w, https:\/\/alcaidesa.property\/wp-content\/uploads\/2025\/03\/4-480x270.jpg 480w\" sizes=\"auto, (min-width: 0px) and (max-width: 480px) 480px, (min-width: 481px) and (max-width: 980px) 980px, (min-width: 981px) 1024px, 100vw\" \/><\/figure>\n\n<h4 class=\"wp-block-heading\"><strong>Standort und Informationen f\u00fcr Besucher<\/strong><\/h4>\n\n<p class=\"wp-block-paragraph\">Nur wenige Meter vom Strand entfernt und neben den Ruinen einer alten Kaserne der Guardia Civil gelegen &#8211; mit einem<strong> <a href=\"https:\/\/www.europasur.es\/vivir-el-sur\/faro-Torre-Carbonera-bunker-Guerra-Civil-Espanola-San-Roque_0_1800420927.html\" data-type=\"link\" data-id=\"https:\/\/www.europasur.es\/vivir-el-sur\/faro-Torre-Carbonera-bunker-Guerra-Civil-Espanola-San-Roque_0_1800420927.html\" target=\"_blank\" rel=\"noopener\">Betonbunker aus dem Zweiten Weltkrieg <\/a><\/strong>ist der Leuchtturm ein stiller Zeuge sowohl der milit\u00e4rischen Vergangenheit als auch der Entwicklung der Region. Obwohl er derzeit nicht f\u00fcr gef\u00fchrte Besichtigungen ge\u00f6ffnet ist, gibt es in der Umgebung von Sotogrande mehrere unbefestigte Stra\u00dfen, die zu malerischen Str\u00e4nden f\u00fchren, wo Sie seine Majest\u00e4t aus der Ferne bewundern k\u00f6nnen. <\/p>\n\n<h4 class=\"wp-block-heading\"><strong>Entdecken Sie die M\u00f6glichkeiten an der Costa del Sol<\/strong><\/h4>\n\n<p class=\"wp-block-paragraph\">Unter <a href=\"https:\/\/alcaidesa.property\/de\/\"><strong>Alcaidesa Immobilien<\/strong><\/a>sind wir Experten, wenn es darum geht, die versteckten Juwelen der Costa del Sol zu enth\u00fcllen. Faro de Carbonera ist ein perfektes Beispiel daf\u00fcr, wie historische Wahrzeichen die Immobilienm\u00f6glichkeiten entlang unserer atemberaubenden K\u00fcste inspirieren und bereichern k\u00f6nnen. <\/p>\n\n<p class=\"wp-block-paragraph\">M\u00f6chten Sie weitere historische und architektonische Sch\u00e4tze an der Costa del Sol entdecken?<br\/>Kontaktieren Sie uns f\u00fcr fachkundige Beratung und exklusive Einblicke in die besten M\u00f6glichkeiten an der K\u00fcste.<\/p>\n\n<p class=\"wp-block-paragraph\">\ud83d\udcde +34 604 482 109<br\/>\ud83d\udce9 info@alcaidesa.property<br\/>\ud83c\udf0d<a href=\"http:\/\/www.alcaidesa.property\"> www.alcaidesa.property<\/a><\/p>\n","protected":false},"excerpt":{"rendered":"<p>Gelegen zwischen La Alcaidesa und Sotogrande in San Roque gelegen, ist der Faro de Carbonera viel mehr als nur ein Leuchtturm &#8211; er ist ein lebendiges Zeugnis jahrhundertealter maritimer Geschichte und innovativer Restaurierung an der Costa del Sol. Ein Blick in die Geschichte Dieser kegelstumpff\u00f6rmige Steinturm wurde urspr\u00fcnglich 1588 als almenara (Wachturm) in Punta Mala [&hellip;]<\/p>\n","protected":false},"author":1,"featured_media":3405,"comment_status":"open","ping_status":"open","sticky":false,"template":"","format":"standard","meta":{"_et_pb_use_builder":"","_et_pb_old_content":"","_et_gb_content_width":"","_joinchat":[],"footnotes":""},"categories":[120,4],"tags":[],"class_list":["post-3411","post","type-post","status-publish","format-standard","has-post-thumbnail","hentry","category-nachrichten","category-unkategorisiert"],"_links":{"self":[{"href":"https:\/\/alcaidesa.property\/de\/wp-json\/wp\/v2\/posts\/3411","targetHints":{"allow":["GET"]}}],"collection":[{"href":"https:\/\/alcaidesa.property\/de\/wp-json\/wp\/v2\/posts"}],"about":[{"href":"https:\/\/alcaidesa.property\/de\/wp-json\/wp\/v2\/types\/post"}],"author":[{"embeddable":true,"href":"https:\/\/alcaidesa.property\/de\/wp-json\/wp\/v2\/users\/1"}],"replies":[{"embeddable":true,"href":"https:\/\/alcaidesa.property\/de\/wp-json\/wp\/v2\/comments?post=3411"}],"version-history":[{"count":1,"href":"https:\/\/alcaidesa.property\/de\/wp-json\/wp\/v2\/posts\/3411\/revisions"}],"predecessor-version":[{"id":3412,"href":"https:\/\/alcaidesa.property\/de\/wp-json\/wp\/v2\/posts\/3411\/revisions\/3412"}],"wp:featuredmedia":[{"embeddable":true,"href":"https:\/\/alcaidesa.property\/de\/wp-json\/wp\/v2\/media\/3405"}],"wp:attachment":[{"href":"https:\/\/alcaidesa.property\/de\/wp-json\/wp\/v2\/media?parent=3411"}],"wp:term":[{"taxonomy":"category","embeddable":true,"href":"https:\/\/alcaidesa.property\/de\/wp-json\/wp\/v2\/categories?post=3411"},{"taxonomy":"post_tag","embeddable":true,"href":"https:\/\/alcaidesa.property\/de\/wp-json\/wp\/v2\/tags?post=3411"}],"curies":[{"name":"wp","href":"https:\/\/api.w.org\/{rel}","templated":true}]}}