{"id":3409,"date":"2025-03-20T16:17:00","date_gmt":"2025-03-20T16:17:00","guid":{"rendered":"https:\/\/alcaidesa.property\/2025\/03\/20\/faro-de-carbonera-una-transformacion-historica-en-la-costa-del-sol\/"},"modified":"2025-03-20T16:17:42","modified_gmt":"2025-03-20T16:17:42","slug":"faro-de-carbonera-una-transformacion-historica-en-la-costa-del-sol","status":"publish","type":"post","link":"https:\/\/alcaidesa.property\/es\/2025\/03\/20\/faro-de-carbonera-una-transformacion-historica-en-la-costa-del-sol\/","title":{"rendered":"Faro de Carbonera: Una transformaci\u00f3n hist\u00f3rica en la Costa del Sol"},"content":{"rendered":"\n<p class=\"wp-block-paragraph\">Situado entre <strong><a href=\"https:\/\/en.andalucia.org\/listing\/alcaidesa-beach\/18735101\/\" data-type=\"link\" data-id=\"https:\/\/en.andalucia.org\/listing\/alcaidesa-beach\/18735101\/\" target=\"_blank\" rel=\"noopener\">La Alcaidesa<\/a><\/strong> y <strong><a href=\"https:\/\/en.andalucia.org\/listing\/sotogrande\/19324101\/\" data-type=\"link\" data-id=\"https:\/\/en.andalucia.org\/listing\/sotogrande\/19324101\/\" target=\"_blank\" rel=\"noopener\">Sotogrande <\/a><\/strong>en San Roque, el Faro de Carbonera es mucho m\u00e1s que un faro: es un testimonio vivo de siglos de historia mar\u00edtima y de restauraci\u00f3n innovadora en la Costa del Sol.<\/p>\n\n<h4 class=\"wp-block-heading\"><strong>Un vistazo a la Historia<\/strong><\/h4>\n\n<p class=\"wp-block-paragraph\">Construida originalmente en 1588 como almenara (torre de vigilancia) en Punta Mala, esta torre troncoc\u00f3nica de piedra fue encargada por el rey Felipe II. Con su \u00fanica puerta-ventana y su sala abovedada, sirvi\u00f3 en su d\u00eda como vig\u00eda de la costa. <\/p>\n\n<figure class=\"wp-block-image size-large\"><img loading=\"lazy\" decoding=\"async\" width=\"1024\" height=\"576\" src=\"https:\/\/alcaidesa.property\/wp-content\/uploads\/2025\/03\/3-1024x576.jpg\" alt=\"\" class=\"wp-image-3398\" srcset=\"https:\/\/alcaidesa.property\/wp-content\/uploads\/2025\/03\/3-980x551.jpg 980w, https:\/\/alcaidesa.property\/wp-content\/uploads\/2025\/03\/3-480x270.jpg 480w\" sizes=\"auto, (min-width: 0px) and (max-width: 480px) 480px, (min-width: 481px) and (max-width: 980px) 980px, (min-width: 981px) 1024px, 100vw\" \/><\/figure>\n\n<h4 class=\"wp-block-heading\"><strong>De Atalaya a Faro<\/strong><\/h4>\n\n<p class=\"wp-block-paragraph\">D\u00e9cadas m\u00e1s tarde, al evolucionar la se\u00f1alizaci\u00f3n mar\u00edtima, la torre fue seleccionada para su adaptaci\u00f3n en un faro moderno. En 1989, el premiado proyecto <strong>del ingeniero <a href=\"https:\/\/www.puertosdeandalucia.es\/la-agencia\/calidad-y-medio-ambiente\/arquitectura-y-patrimonio\/faro-de-carbonera\" data-type=\"link\" data-id=\"https:\/\/www.puertosdeandalucia.es\/la-agencia\/calidad-y-medio-ambiente\/arquitectura-y-patrimonio\/faro-de-carbonera\" target=\"_blank\" rel=\"noopener\">Carlos Prieto y el arquitecto Enrique Mart\u00ednez Tercero <\/a><\/strong>introdujo una moderna escalera de caracol exterior, cuidadosamente yuxtapuesta a la estructura original revocada con mortero de color arena. En la actualidad, el faro cuenta con una linterna con \u00f3ptica de tambor y un sistema de iluminaci\u00f3n el\u00e9ctrica, con un plano focal a 39 metros sobre el nivel del mar, que emite dos ocultaciones blancas cada 4 segundos en un radio de 14 millas.  <\/p>\n\n<h4 class=\"wp-block-heading\"><strong>Importancia cultural y conservaci\u00f3n<\/strong><\/h4>\n\n<p class=\"wp-block-paragraph\">El Faro de Carbonera est\u00e1 protegido como <strong><a href=\"https:\/\/www.europasur.es\/vivir-el-sur\/faro-Torre-Carbonera-bunker-Guerra-Civil-Espanola-San-Roque_0_1800420927.html\" data-type=\"link\" data-id=\"https:\/\/www.europasur.es\/vivir-el-sur\/faro-Torre-Carbonera-bunker-Guerra-Civil-Espanola-San-Roque_0_1800420927.html\" target=\"_blank\" rel=\"noopener\">Bien de Inter\u00e9s Cultural<\/a><\/strong>reconocido por la legislaci\u00f3n patrimonial espa\u00f1ola e incluido en el Cat\u00e1logo General del Patrimonio Hist\u00f3rico Andaluz. Su restauraci\u00f3n no s\u00f3lo preserv\u00f3 un trozo de la historia del siglo XVI, sino que lo integr\u00f3 en el moderno sistema de se\u00f1alizaci\u00f3n mar\u00edtima, garantizando la pervivencia de su legado. <\/p>\n\n<figure class=\"wp-block-image size-large\"><img loading=\"lazy\" decoding=\"async\" width=\"1024\" height=\"576\" src=\"https:\/\/alcaidesa.property\/wp-content\/uploads\/2025\/03\/4-1024x576.jpg\" alt=\"\" class=\"wp-image-3401\" srcset=\"https:\/\/alcaidesa.property\/wp-content\/uploads\/2025\/03\/4-980x551.jpg 980w, https:\/\/alcaidesa.property\/wp-content\/uploads\/2025\/03\/4-480x270.jpg 480w\" sizes=\"auto, (min-width: 0px) and (max-width: 480px) 480px, (min-width: 481px) and (max-width: 980px) 980px, (min-width: 981px) 1024px, 100vw\" \/><\/figure>\n\n<h4 class=\"wp-block-heading\"><strong>Localizaci\u00f3n e informaci\u00f3n para los visitantes<\/strong><\/h4>\n\n<p class=\"wp-block-paragraph\">Enclavado a escasos metros de la playa y junto a las ruinas de un antiguo cuartel de la Guardia Civil -y con un<strong> <a href=\"https:\/\/www.europasur.es\/vivir-el-sur\/faro-Torre-Carbonera-bunker-Guerra-Civil-Espanola-San-Roque_0_1800420927.html\" data-type=\"link\" data-id=\"https:\/\/www.europasur.es\/vivir-el-sur\/faro-Torre-Carbonera-bunker-Guerra-Civil-Espanola-San-Roque_0_1800420927.html\" target=\"_blank\" rel=\"noopener\">b\u00fanker de hormig\u00f3n de la Segunda Guerra Mundial <\/a><\/strong>de la Segunda Guerra Mundial, el faro es testigo mudo de su pasado militar y de la evoluci\u00f3n de la regi\u00f3n. Aunque actualmente no est\u00e1 abierto para visitas guiadas, los alrededores de Sotogrande ofrecen varios caminos de tierra que conducen a pintorescas playas donde podr\u00e1s admirar su majestuosidad desde lejos. <\/p>\n\n<h4 class=\"wp-block-heading\"><strong>Descubre las oportunidades de la Costa del Sol<\/strong><\/h4>\n\n<p class=\"wp-block-paragraph\">En <a href=\"https:\/\/alcaidesa.property\/es\/\"><strong>Alcaidesa Inmobiliaria<\/strong><\/a>somos expertos en desvelar las joyas ocultas de la Costa del Sol. El Faro de Carbonera es un ejemplo perfecto de c\u00f3mo los hitos hist\u00f3ricos pueden inspirar y enriquecer las oportunidades inmobiliarias a lo largo de nuestra impresionante costa. <\/p>\n\n<p class=\"wp-block-paragraph\">\u00bfQuieres explorar m\u00e1s tesoros hist\u00f3ricos y arquitect\u00f3nicos de la Costa del Sol?<br\/>Ponte en contacto con nosotros para obtener asesoramiento experto y perspectivas exclusivas sobre las mejores oportunidades costeras.<\/p>\n\n<p class=\"wp-block-paragraph\">\ud83d\udcde +34 604 482 109<br\/>\ud83d\udce9 info@alcaidesa.property<br\/>\ud83c\udf0d<a href=\"http:\/\/www.alcaidesa.property\"> www.alcaidesa.property<\/a><\/p>\n","protected":false},"excerpt":{"rendered":"<p>Situado entre La Alcaidesa y Sotogrande en San Roque, el Faro de Carbonera es mucho m\u00e1s que un faro: es un testimonio vivo de siglos de historia mar\u00edtima y de restauraci\u00f3n innovadora en la Costa del Sol. Un vistazo a la Historia Construida originalmente en 1588 como almenara (torre de vigilancia) en Punta Mala, esta [&hellip;]<\/p>\n","protected":false},"author":1,"featured_media":3406,"comment_status":"open","ping_status":"open","sticky":false,"template":"","format":"standard","meta":{"_et_pb_use_builder":"","_et_pb_old_content":"","_et_gb_content_width":"","_joinchat":[],"footnotes":""},"categories":[119,2],"tags":[],"class_list":["post-3409","post","type-post","status-publish","format-standard","has-post-thumbnail","hentry","category-noticias","category-sin-categorizar"],"_links":{"self":[{"href":"https:\/\/alcaidesa.property\/es\/wp-json\/wp\/v2\/posts\/3409","targetHints":{"allow":["GET"]}}],"collection":[{"href":"https:\/\/alcaidesa.property\/es\/wp-json\/wp\/v2\/posts"}],"about":[{"href":"https:\/\/alcaidesa.property\/es\/wp-json\/wp\/v2\/types\/post"}],"author":[{"embeddable":true,"href":"https:\/\/alcaidesa.property\/es\/wp-json\/wp\/v2\/users\/1"}],"replies":[{"embeddable":true,"href":"https:\/\/alcaidesa.property\/es\/wp-json\/wp\/v2\/comments?post=3409"}],"version-history":[{"count":1,"href":"https:\/\/alcaidesa.property\/es\/wp-json\/wp\/v2\/posts\/3409\/revisions"}],"predecessor-version":[{"id":3410,"href":"https:\/\/alcaidesa.property\/es\/wp-json\/wp\/v2\/posts\/3409\/revisions\/3410"}],"wp:featuredmedia":[{"embeddable":true,"href":"https:\/\/alcaidesa.property\/es\/wp-json\/wp\/v2\/media\/3406"}],"wp:attachment":[{"href":"https:\/\/alcaidesa.property\/es\/wp-json\/wp\/v2\/media?parent=3409"}],"wp:term":[{"taxonomy":"category","embeddable":true,"href":"https:\/\/alcaidesa.property\/es\/wp-json\/wp\/v2\/categories?post=3409"},{"taxonomy":"post_tag","embeddable":true,"href":"https:\/\/alcaidesa.property\/es\/wp-json\/wp\/v2\/tags?post=3409"}],"curies":[{"name":"wp","href":"https:\/\/api.w.org\/{rel}","templated":true}]}}